{"id":31,"date":"2021-09-13T15:27:15","date_gmt":"2021-09-13T15:27:15","guid":{"rendered":"https:\/\/www.mobiliarioclasico.es\/blog\/?p=31"},"modified":"2021-09-13T15:27:16","modified_gmt":"2021-09-13T15:27:16","slug":"claves-para-decorar-un-salon-con-muebles-clasicos","status":"publish","type":"post","link":"https:\/\/www.mobiliarioclasico.es\/blog\/claves-para-decorar-un-salon-con-muebles-clasicos\/","title":{"rendered":"Claves para decorar un sal\u00f3n con muebles cl\u00e1sicos"},"content":{"rendered":"\n<figure class=\"wp-block-image size-large\"><img decoding=\"async\" loading=\"lazy\" width=\"1024\" height=\"725\" src=\"https:\/\/www.mobiliarioclasico.es\/blog\/imagenes\/Claves-para-decorar-un-salon-con-muebles-clasicos-1024x725.jpg\" alt=\"\" class=\"wp-image-33\" srcset=\"https:\/\/www.mobiliarioclasico.es\/blog\/imagenes\/Claves-para-decorar-un-salon-con-muebles-clasicos-1024x725.jpg 1024w, https:\/\/www.mobiliarioclasico.es\/blog\/imagenes\/Claves-para-decorar-un-salon-con-muebles-clasicos-300x213.jpg 300w, https:\/\/www.mobiliarioclasico.es\/blog\/imagenes\/Claves-para-decorar-un-salon-con-muebles-clasicos-768x544.jpg 768w, https:\/\/www.mobiliarioclasico.es\/blog\/imagenes\/Claves-para-decorar-un-salon-con-muebles-clasicos.jpg 1200w\" sizes=\"(max-width: 1024px) 100vw, 1024px\" \/><\/figure>\n\n\n\n<p>Los muebles cl\u00e1sicos cuentan con un encanto especial. Estos nos revocan a \u00e9pocas pasadas, a recuerdos, a vivencias, olores y emociones. Los muebles cl\u00e1sicos se caracterizan por estar fabricados con materiales de alt\u00edsima calidad, como son sus <strong>preciosas y robustas maderas de roble, cedro, laurel o caoba<\/strong>. Sus respaldos con forma de coraz\u00f3n, sus brazos curvados, sus relieves y sus grabados dan un gran valor a estos muebles que destacan por su belleza y artesan\u00eda entrando en perfecta sinton\u00eda con la decoraci\u00f3n de nuestro hogar.<\/p>\n\n\n\n<p>Si est\u00e1s pensando en comprar muebles de sal\u00f3n cl\u00e1sicos para decorar tu sal\u00f3n y no sabes cu\u00e1l de todos elegir, este art\u00edculo es para ti. A continuaci\u00f3n, te explicamos todo lo que necesitas saber para decorar esta estancia con muebles de sal\u00f3n cl\u00e1sicos de madera. \u00a1Sigue leyendo para m\u00e1s informaci\u00f3n!<\/p>\n\n\n\n<h2 class=\"wp-block-heading\">Sensaciones y sentimientos que queremos transmitir con los muebles cl\u00e1sicos<\/h2>\n\n\n\n<p>La decoraci\u00f3n de un hogar dice mucho de la personalidad de las personas que viven en su interior. Al final, es una forma de exteriorizar qu\u00e9 es lo que te gusta y de mostrarlo a cada una de tus visitas. Los muebles de sal\u00f3n cl\u00e1sicos de madera son piezas decorativas que transmiten <strong>buen gusto, elegancia y belleza<\/strong>. Adem\u00e1s, la madera de este tipo muebles suele evocar una sensaci\u00f3n reconfortante y c\u00e1lida. Este ambiente, suele ser as\u00ed mismo, ideal para generar recuerdos y sensaciones.<\/p>\n\n\n\n<h2 class=\"wp-block-heading\">Muebles de sal\u00f3n cl\u00e1sicos: combinaciones oscuras y claras<\/h2>\n\n\n\n<figure class=\"wp-block-image size-large\"><img decoding=\"async\" loading=\"lazy\" width=\"1024\" height=\"503\" src=\"https:\/\/www.mobiliarioclasico.es\/blog\/imagenes\/Muebles-de-salon-clasicos-combinaciones-oscuras-y-claras-1024x503.jpg\" alt=\"\" class=\"wp-image-34\" srcset=\"https:\/\/www.mobiliarioclasico.es\/blog\/imagenes\/Muebles-de-salon-clasicos-combinaciones-oscuras-y-claras-1024x503.jpg 1024w, https:\/\/www.mobiliarioclasico.es\/blog\/imagenes\/Muebles-de-salon-clasicos-combinaciones-oscuras-y-claras-300x147.jpg 300w, https:\/\/www.mobiliarioclasico.es\/blog\/imagenes\/Muebles-de-salon-clasicos-combinaciones-oscuras-y-claras-768x377.jpg 768w, https:\/\/www.mobiliarioclasico.es\/blog\/imagenes\/Muebles-de-salon-clasicos-combinaciones-oscuras-y-claras.jpg 1200w\" sizes=\"(max-width: 1024px) 100vw, 1024px\" \/><\/figure>\n\n\n\n<p>Por lo general, los muebles cl\u00e1sicos suelen estar hechos con madera oscura. <strong>Los tonos oscuros combinan muy bien con las paredes y cortinas<\/strong> con colores claros, como los tonos pastel o, incluso, con los estampados. Con ello podremos crear un ambiente m\u00e1s acogedor y sereno.<\/p>\n\n\n\n<h2 class=\"wp-block-heading\">Muebles de sal\u00f3n cl\u00e1sicos: misma tonalidad<\/h2>\n\n\n\n<p>Si empleamos elementos decorativos con la misma tonalidad, por ejemplo, los muebles de sal\u00f3n cl\u00e1sicos de madera oscura con cortinas, cuadros, alfombras o sillones de piel del mismo color conseguiremos dar, as\u00ed mismo, una <strong>sensaci\u00f3n de uniformidad y de limpieza<\/strong>.<\/p>\n\n\n\n<h2 class=\"wp-block-heading\">La elecci\u00f3n del sof\u00e1<\/h2>\n\n\n\n<p>El sof\u00e1 Chester, o sof\u00e1 Chesterfield, es uno de los muebles m\u00e1s caracter\u00edsticos y representativos cuando se habla de los cl\u00e1sicos en decoraci\u00f3n del hogar. Este cuenta con <strong>brazos y respaldo a la misma altura<\/strong> \u2014una de las caracter\u00edsticas m\u00e1s se\u00f1aladas\u2014, adem\u00e1s de su tapizado que suele ser de piel y estar abotonado. El dise\u00f1o de este tipo de sof\u00e1 es el capiton\u00e9 que, por lo general, es de color marr\u00f3n oscuro \u2014propio del cuero de su tapicer\u00eda\u2014. Los sof\u00e1s Cheste, aparte de ser robustos y resistentes, han sido siempre <strong>sin\u00f3nimo del buen gusto y muy elitistas<\/strong>. Hoy en d\u00eda pueden encontrarse distintos modelos a precios muy asequibles. En cuanto a la decoraci\u00f3n del sal\u00f3n se refiere, debes tener en cuenta que el sof\u00e1 es la pieza m\u00e1s importante y, por tanto, debe ser la que marque la pauta de la decoraci\u00f3n. Es decir, debemos buscar elementos decorativos del mismo color o en tonalidades muy parecidas.&nbsp;<\/p>\n\n\n\n<h2 class=\"wp-block-heading\">La fusi\u00f3n de lo cl\u00e1sico con moderno<\/h2>\n\n\n\n<figure class=\"wp-block-image size-large\"><img decoding=\"async\" loading=\"lazy\" width=\"1024\" height=\"672\" src=\"https:\/\/www.mobiliarioclasico.es\/blog\/imagenes\/La-fusion-de-lo-clasico-con-lo-moderno-1024x672.jpg\" alt=\"\" class=\"wp-image-32\" srcset=\"https:\/\/www.mobiliarioclasico.es\/blog\/imagenes\/La-fusion-de-lo-clasico-con-lo-moderno-1024x672.jpg 1024w, https:\/\/www.mobiliarioclasico.es\/blog\/imagenes\/La-fusion-de-lo-clasico-con-lo-moderno-300x197.jpg 300w, https:\/\/www.mobiliarioclasico.es\/blog\/imagenes\/La-fusion-de-lo-clasico-con-lo-moderno-768x504.jpg 768w, https:\/\/www.mobiliarioclasico.es\/blog\/imagenes\/La-fusion-de-lo-clasico-con-lo-moderno.jpg 1200w\" sizes=\"(max-width: 1024px) 100vw, 1024px\" \/><\/figure>\n\n\n\n<p>Una de las de los muebles cl\u00e1sicos es que estos <strong>pueden combinarse f\u00e1cilmente con otro tipo de muebles<\/strong>, aunque estos no sean cl\u00e1sicos. Con ello, se puede dar un aspecto rejuvenecido a tu sal\u00f3n o a cualquier otra parte de tu casa sin necesidad de tener que renovar el mobiliario por completo. Es importante resaltar, por tanto, que los muebles cl\u00e1sicos ofrecen una gran comodidad en cuanto a decoraci\u00f3n y combinaci\u00f3n se refiere. Adem\u00e1s, la gran ventaja de este tipo de mobiliario es que nunca pasa de moda y sigue siendo un s\u00edmbolo de prestigio y sofisticaci\u00f3n.<\/p>\n\n\n\n<h2 class=\"wp-block-heading\">Salones cl\u00e1sicos con aparadores<\/h2>\n\n\n\n<p>Los aparadores son los t\u00edpicos muebles de antes que hoy en d\u00eda est\u00e1n siendo recuperados de nuevo para la decoraci\u00f3n de salones cl\u00e1sicos. Estos, aparte de su bonito dise\u00f1o \u2014por lo general cuentan con vidriera y tiradores de metal forjado\u2014, cumplen una importante funci\u00f3n, la de ofrecer un mayor espacio para el almacenamiento. Te recomendamos que lo coloques a la entrada del sal\u00f3n, colindando con el pasillo. Los aparadores de madera clara te dar\u00e1n la <strong>sensaci\u00f3n de ganar luz y espacio<\/strong>.&nbsp;<\/p>\n\n\n\n<h2 class=\"wp-block-heading\">Alacenas tradicionales para comedores cl\u00e1sicos<\/h2>\n\n\n\n<p>Seguramente, si has tenido la oportunidad de visitar cualquier restaurante con un estilo cl\u00e1sico, habr\u00e1s podido comprobar que las alacenas son muebles muy empleados en la decoraci\u00f3n. Estas dan la sensaci\u00f3n de confort, adem\u00e1s <strong>hacen que el ambiente sea mucho m\u00e1s acogedor<\/strong>. Las alacenas son armarios que cuentan con puertas y estantes y que, por lo general, se utiliza para almacenar alimentos o para poner el menaje de la cocina. Estos suelen ir en el hueco de la pared o aprovechando el \u00e1ngulo interior que se forman por dos paredes. En ella puedes guardar, por ejemplo, los postres, como es el caso de las mermeladas o las cajas de galletas; tambi\u00e9n las servilletas o los cubiertos \u2014para tenerlos m\u00e1s asequibles en la mesa del comedor\u2014. Las alacenas tambi\u00e9n pueden decorarse con botellas de cristal, macetas de barro, o cualquier otro elemento de la vajilla \u2014v\u00e9ase, los platos, las tazas, las copas\u2026\u2014.<\/p>\n\n\n\n<h2 class=\"wp-block-heading\">Las cortinas de tela natural<\/h2>\n\n\n\n<figure class=\"wp-block-image size-large\"><img decoding=\"async\" loading=\"lazy\" width=\"1024\" height=\"760\" src=\"https:\/\/www.mobiliarioclasico.es\/blog\/imagenes\/Las-cortinas-de-tela-natural-1024x760.jpg\" alt=\"\" class=\"wp-image-35\" srcset=\"https:\/\/www.mobiliarioclasico.es\/blog\/imagenes\/Las-cortinas-de-tela-natural-1024x760.jpg 1024w, https:\/\/www.mobiliarioclasico.es\/blog\/imagenes\/Las-cortinas-de-tela-natural-300x223.jpg 300w, https:\/\/www.mobiliarioclasico.es\/blog\/imagenes\/Las-cortinas-de-tela-natural-768x570.jpg 768w, https:\/\/www.mobiliarioclasico.es\/blog\/imagenes\/Las-cortinas-de-tela-natural.jpg 1083w\" sizes=\"(max-width: 1024px) 100vw, 1024px\" \/><\/figure>\n\n\n\n<p>En un sal\u00f3n con decoraci\u00f3n cl\u00e1sica no pueden faltar las cortinas. Ahora bien, no todas sirven, lo m\u00e1s aconsejable es uses <strong>cortinas fabricadas con telas naturales<\/strong>, como el algod\u00f3n o el lino. Adem\u00e1s, te recomendamos que tu cortina <strong>sea con ca\u00edda<\/strong>, as\u00ed se adaptar\u00e1 mejor al ambiente que est\u00e1s buscando generar.<\/p>\n\n\n\n<h2 class=\"wp-block-heading\">El parqu\u00e9 o suelo de madera, clave en la decoraci\u00f3n del sal\u00f3n cl\u00e1sica<\/h2>\n\n\n\n<p>El pavimento del parqu\u00e9 est\u00e1 formado por diferentes piezas de madera finas acopladas y dispuestas de manera regular seg\u00fan sus dibujos. Este tipo de suelo <strong>combina estupendamente con la decoraci\u00f3n cl\u00e1sica<\/strong>, adem\u00e1s tiene la ventaja de que es muy f\u00e1cil de instalar. Una de las caracter\u00edsticas del parqu\u00e9 es que conforme va envejeciendo, la madera se ve m\u00e1s tradicional y el aspecto es m\u00e1s agradable \u2014siempre y claro, haya tenido un buen mantenimiento\u2014. Debes tener en cuenta, no obstante, que existen una gran variedad de modelos. Algunos de ellos juegan con la imitaci\u00f3n. Nuestra recomendaci\u00f3n es que optes por tarimas reales de madera y, a poder ser, que est\u00e9 echas con bast\u00f3n quebrado.<\/p>\n","protected":false},"excerpt":{"rendered":"<p>Los muebles cl\u00e1sicos cuentan con un encanto especial. Estos nos revocan a \u00e9pocas pasadas, a recuerdos, a vivencias, olores y emociones. Los muebles cl\u00e1sicos se caracterizan por estar fabricados con materiales de alt\u00edsima calidad, como son sus preciosas y robustas maderas de roble, cedro, laurel o caoba. Sus respaldos con forma de coraz\u00f3n, sus brazos [&hellip;]<\/p>\n","protected":false},"author":1,"featured_media":33,"comment_status":"closed","ping_status":"closed","sticky":false,"template":"","format":"standard","meta":[],"categories":[9],"tags":[],"yoast_head":"<!-- This site is optimized with the Yoast SEO plugin v17.2 - https:\/\/yoast.com\/wordpress\/plugins\/seo\/ -->\n<meta name=\"description\" content=\"\u00bfTe gustar\u00eda decorar tu sal\u00f3n con muebles cl\u00e1sicos? \u27a4 Te explicamos varias claves y consejos para hacerlo. \u00a1Entra aqu\u00ed para m\u00e1s informaci\u00f3n!\" \/>\n<meta name=\"robots\" content=\"index, follow, max-snippet:-1, max-image-preview:large, max-video-preview:-1\" \/>\n<link rel=\"canonical\" href=\"https:\/\/www.mobiliarioclasico.es\/blog\/claves-para-decorar-un-salon-con-muebles-clasicos\/\" \/>\n<meta property=\"og:locale\" content=\"es_ES\" \/>\n<meta property=\"og:type\" content=\"article\" \/>\n<meta property=\"og:title\" content=\"Claves para decorar un sal\u00f3n con muebles cl\u00e1sicos - Blog de decoraci\u00f3n MobiliarioClasico\" \/>\n<meta property=\"og:description\" content=\"\u00bfTe gustar\u00eda decorar tu sal\u00f3n con muebles cl\u00e1sicos? \u27a4 Te explicamos varias claves y consejos para hacerlo. \u00a1Entra aqu\u00ed para m\u00e1s informaci\u00f3n!\" \/>\n<meta property=\"og:url\" content=\"https:\/\/www.mobiliarioclasico.es\/blog\/claves-para-decorar-un-salon-con-muebles-clasicos\/\" \/>\n<meta property=\"og:site_name\" content=\"Blog de decoraci\u00f3n MobiliarioClasico\" \/>\n<meta property=\"article:published_time\" content=\"2021-09-13T15:27:15+00:00\" \/>\n<meta property=\"article:modified_time\" content=\"2021-09-13T15:27:16+00:00\" \/>\n<meta property=\"og:image\" content=\"https:\/\/www.mobiliarioclasico.es\/blog\/imagenes\/Claves-para-decorar-un-salon-con-muebles-clasicos.jpg\" \/>\n\t<meta property=\"og:image:width\" content=\"1200\" \/>\n\t<meta property=\"og:image:height\" content=\"850\" \/>\n<meta name=\"twitter:card\" content=\"summary_large_image\" \/>\n<meta name=\"twitter:label1\" content=\"Escrito por\" \/>\n\t<meta name=\"twitter:data1\" content=\"mobiliarioclasico\" \/>\n\t<meta name=\"twitter:label2\" content=\"Tiempo de lectura\" \/>\n\t<meta name=\"twitter:data2\" content=\"6 minutos\" \/>\n<script type=\"application\/ld+json\" class=\"yoast-schema-graph\">{\"@context\":\"https:\/\/schema.org\",\"@graph\":[{\"@type\":\"WebSite\",\"@id\":\"https:\/\/www.mobiliarioclasico.es\/blog\/#website\",\"url\":\"https:\/\/www.mobiliarioclasico.es\/blog\/\",\"name\":\"Blog de decoraci\\u00f3n MobiliarioClasico\",\"description\":\"\",\"potentialAction\":[{\"@type\":\"SearchAction\",\"target\":{\"@type\":\"EntryPoint\",\"urlTemplate\":\"https:\/\/www.mobiliarioclasico.es\/blog\/?s={search_term_string}\"},\"query-input\":\"required name=search_term_string\"}],\"inLanguage\":\"es\"},{\"@type\":\"ImageObject\",\"@id\":\"https:\/\/www.mobiliarioclasico.es\/blog\/claves-para-decorar-un-salon-con-muebles-clasicos\/#primaryimage\",\"inLanguage\":\"es\",\"url\":\"https:\/\/www.mobiliarioclasico.es\/blog\/imagenes\/Claves-para-decorar-un-salon-con-muebles-clasicos.jpg\",\"contentUrl\":\"https:\/\/www.mobiliarioclasico.es\/blog\/imagenes\/Claves-para-decorar-un-salon-con-muebles-clasicos.jpg\",\"width\":1200,\"height\":850},{\"@type\":\"WebPage\",\"@id\":\"https:\/\/www.mobiliarioclasico.es\/blog\/claves-para-decorar-un-salon-con-muebles-clasicos\/#webpage\",\"url\":\"https:\/\/www.mobiliarioclasico.es\/blog\/claves-para-decorar-un-salon-con-muebles-clasicos\/\",\"name\":\"Claves para decorar un sal\\u00f3n con muebles cl\\u00e1sicos - Blog de decoraci\\u00f3n MobiliarioClasico\",\"isPartOf\":{\"@id\":\"https:\/\/www.mobiliarioclasico.es\/blog\/#website\"},\"primaryImageOfPage\":{\"@id\":\"https:\/\/www.mobiliarioclasico.es\/blog\/claves-para-decorar-un-salon-con-muebles-clasicos\/#primaryimage\"},\"datePublished\":\"2021-09-13T15:27:15+00:00\",\"dateModified\":\"2021-09-13T15:27:16+00:00\",\"author\":{\"@id\":\"https:\/\/www.mobiliarioclasico.es\/blog\/#\/schema\/person\/ef304dcbc3ccd7a2ce579298d99331bc\"},\"description\":\"\\u00bfTe gustar\\u00eda decorar tu sal\\u00f3n con muebles cl\\u00e1sicos? \\u27a4 Te explicamos varias claves y consejos para hacerlo. \\u00a1Entra aqu\\u00ed para m\\u00e1s informaci\\u00f3n!\",\"breadcrumb\":{\"@id\":\"https:\/\/www.mobiliarioclasico.es\/blog\/claves-para-decorar-un-salon-con-muebles-clasicos\/#breadcrumb\"},\"inLanguage\":\"es\",\"potentialAction\":[{\"@type\":\"ReadAction\",\"target\":[\"https:\/\/www.mobiliarioclasico.es\/blog\/claves-para-decorar-un-salon-con-muebles-clasicos\/\"]}]},{\"@type\":\"BreadcrumbList\",\"@id\":\"https:\/\/www.mobiliarioclasico.es\/blog\/claves-para-decorar-un-salon-con-muebles-clasicos\/#breadcrumb\",\"itemListElement\":[{\"@type\":\"ListItem\",\"position\":1,\"name\":\"Portada\",\"item\":\"https:\/\/www.mobiliarioclasico.es\/blog\/\"},{\"@type\":\"ListItem\",\"position\":2,\"name\":\"Claves para decorar un sal\\u00f3n con muebles cl\\u00e1sicos\"}]},{\"@type\":\"Person\",\"@id\":\"https:\/\/www.mobiliarioclasico.es\/blog\/#\/schema\/person\/ef304dcbc3ccd7a2ce579298d99331bc\",\"name\":\"mobiliarioclasico\",\"image\":{\"@type\":\"ImageObject\",\"@id\":\"https:\/\/www.mobiliarioclasico.es\/blog\/#personlogo\",\"inLanguage\":\"es\",\"url\":\"https:\/\/secure.gravatar.com\/avatar\/06e3afd77dcc61e34a6b850534c6349c?s=96&d=mm&r=g\",\"contentUrl\":\"https:\/\/secure.gravatar.com\/avatar\/06e3afd77dcc61e34a6b850534c6349c?s=96&d=mm&r=g\",\"caption\":\"mobiliarioclasico\"},\"sameAs\":[\"https:\/\/www.mobiliarioclasico.es\/blog\"],\"url\":\"https:\/\/www.mobiliarioclasico.es\/blog\/author\/mobiliarioclasico\/\"}]}<\/script>\n<!-- \/ Yoast SEO plugin. -->","yoast_head_json":{"description":"\u00bfTe gustar\u00eda decorar tu sal\u00f3n con muebles cl\u00e1sicos? \u27a4 Te explicamos varias claves y consejos para hacerlo. \u00a1Entra aqu\u00ed para m\u00e1s informaci\u00f3n!","robots":{"index":"index","follow":"follow","max-snippet":"max-snippet:-1","max-image-preview":"max-image-preview:large","max-video-preview":"max-video-preview:-1"},"canonical":"https:\/\/www.mobiliarioclasico.es\/blog\/claves-para-decorar-un-salon-con-muebles-clasicos\/","og_locale":"es_ES","og_type":"article","og_title":"Claves para decorar un sal\u00f3n con muebles cl\u00e1sicos - Blog de decoraci\u00f3n MobiliarioClasico","og_description":"\u00bfTe gustar\u00eda decorar tu sal\u00f3n con muebles cl\u00e1sicos? \u27a4 Te explicamos varias claves y consejos para hacerlo. \u00a1Entra aqu\u00ed para m\u00e1s informaci\u00f3n!","og_url":"https:\/\/www.mobiliarioclasico.es\/blog\/claves-para-decorar-un-salon-con-muebles-clasicos\/","og_site_name":"Blog de decoraci\u00f3n MobiliarioClasico","article_published_time":"2021-09-13T15:27:15+00:00","article_modified_time":"2021-09-13T15:27:16+00:00","og_image":[{"width":1200,"height":850,"url":"https:\/\/www.mobiliarioclasico.es\/blog\/imagenes\/Claves-para-decorar-un-salon-con-muebles-clasicos.jpg","path":"\/home\/mobil\/web\/mobiliarioclasico.es\/public_html\/blog\/imagenes\/Claves-para-decorar-un-salon-con-muebles-clasicos.jpg","size":"full","id":33,"alt":"","pixels":1020000,"type":"image\/jpeg"}],"twitter_card":"summary_large_image","twitter_misc":{"Escrito por":"mobiliarioclasico","Tiempo de lectura":"6 minutos"},"schema":{"@context":"https:\/\/schema.org","@graph":[{"@type":"WebSite","@id":"https:\/\/www.mobiliarioclasico.es\/blog\/#website","url":"https:\/\/www.mobiliarioclasico.es\/blog\/","name":"Blog de decoraci\u00f3n MobiliarioClasico","description":"","potentialAction":[{"@type":"SearchAction","target":{"@type":"EntryPoint","urlTemplate":"https:\/\/www.mobiliarioclasico.es\/blog\/?s={search_term_string}"},"query-input":"required name=search_term_string"}],"inLanguage":"es"},{"@type":"ImageObject","@id":"https:\/\/www.mobiliarioclasico.es\/blog\/claves-para-decorar-un-salon-con-muebles-clasicos\/#primaryimage","inLanguage":"es","url":"https:\/\/www.mobiliarioclasico.es\/blog\/imagenes\/Claves-para-decorar-un-salon-con-muebles-clasicos.jpg","contentUrl":"https:\/\/www.mobiliarioclasico.es\/blog\/imagenes\/Claves-para-decorar-un-salon-con-muebles-clasicos.jpg","width":1200,"height":850},{"@type":"WebPage","@id":"https:\/\/www.mobiliarioclasico.es\/blog\/claves-para-decorar-un-salon-con-muebles-clasicos\/#webpage","url":"https:\/\/www.mobiliarioclasico.es\/blog\/claves-para-decorar-un-salon-con-muebles-clasicos\/","name":"Claves para decorar un sal\u00f3n con muebles cl\u00e1sicos - Blog de decoraci\u00f3n MobiliarioClasico","isPartOf":{"@id":"https:\/\/www.mobiliarioclasico.es\/blog\/#website"},"primaryImageOfPage":{"@id":"https:\/\/www.mobiliarioclasico.es\/blog\/claves-para-decorar-un-salon-con-muebles-clasicos\/#primaryimage"},"datePublished":"2021-09-13T15:27:15+00:00","dateModified":"2021-09-13T15:27:16+00:00","author":{"@id":"https:\/\/www.mobiliarioclasico.es\/blog\/#\/schema\/person\/ef304dcbc3ccd7a2ce579298d99331bc"},"description":"\u00bfTe gustar\u00eda decorar tu sal\u00f3n con muebles cl\u00e1sicos? \u27a4 Te explicamos varias claves y consejos para hacerlo. \u00a1Entra aqu\u00ed para m\u00e1s informaci\u00f3n!","breadcrumb":{"@id":"https:\/\/www.mobiliarioclasico.es\/blog\/claves-para-decorar-un-salon-con-muebles-clasicos\/#breadcrumb"},"inLanguage":"es","potentialAction":[{"@type":"ReadAction","target":["https:\/\/www.mobiliarioclasico.es\/blog\/claves-para-decorar-un-salon-con-muebles-clasicos\/"]}]},{"@type":"BreadcrumbList","@id":"https:\/\/www.mobiliarioclasico.es\/blog\/claves-para-decorar-un-salon-con-muebles-clasicos\/#breadcrumb","itemListElement":[{"@type":"ListItem","position":1,"name":"Portada","item":"https:\/\/www.mobiliarioclasico.es\/blog\/"},{"@type":"ListItem","position":2,"name":"Claves para decorar un sal\u00f3n con muebles cl\u00e1sicos"}]},{"@type":"Person","@id":"https:\/\/www.mobiliarioclasico.es\/blog\/#\/schema\/person\/ef304dcbc3ccd7a2ce579298d99331bc","name":"mobiliarioclasico","image":{"@type":"ImageObject","@id":"https:\/\/www.mobiliarioclasico.es\/blog\/#personlogo","inLanguage":"es","url":"https:\/\/secure.gravatar.com\/avatar\/06e3afd77dcc61e34a6b850534c6349c?s=96&d=mm&r=g","contentUrl":"https:\/\/secure.gravatar.com\/avatar\/06e3afd77dcc61e34a6b850534c6349c?s=96&d=mm&r=g","caption":"mobiliarioclasico"},"sameAs":["https:\/\/www.mobiliarioclasico.es\/blog"],"url":"https:\/\/www.mobiliarioclasico.es\/blog\/author\/mobiliarioclasico\/"}]}},"_links":{"self":[{"href":"https:\/\/www.mobiliarioclasico.es\/blog\/wp-json\/wp\/v2\/posts\/31"}],"collection":[{"href":"https:\/\/www.mobiliarioclasico.es\/blog\/wp-json\/wp\/v2\/posts"}],"about":[{"href":"https:\/\/www.mobiliarioclasico.es\/blog\/wp-json\/wp\/v2\/types\/post"}],"author":[{"embeddable":true,"href":"https:\/\/www.mobiliarioclasico.es\/blog\/wp-json\/wp\/v2\/users\/1"}],"replies":[{"embeddable":true,"href":"https:\/\/www.mobiliarioclasico.es\/blog\/wp-json\/wp\/v2\/comments?post=31"}],"version-history":[{"count":2,"href":"https:\/\/www.mobiliarioclasico.es\/blog\/wp-json\/wp\/v2\/posts\/31\/revisions"}],"predecessor-version":[{"id":37,"href":"https:\/\/www.mobiliarioclasico.es\/blog\/wp-json\/wp\/v2\/posts\/31\/revisions\/37"}],"wp:featuredmedia":[{"embeddable":true,"href":"https:\/\/www.mobiliarioclasico.es\/blog\/wp-json\/wp\/v2\/media\/33"}],"wp:attachment":[{"href":"https:\/\/www.mobiliarioclasico.es\/blog\/wp-json\/wp\/v2\/media?parent=31"}],"wp:term":[{"taxonomy":"category","embeddable":true,"href":"https:\/\/www.mobiliarioclasico.es\/blog\/wp-json\/wp\/v2\/categories?post=31"},{"taxonomy":"post_tag","embeddable":true,"href":"https:\/\/www.mobiliarioclasico.es\/blog\/wp-json\/wp\/v2\/tags?post=31"}],"curies":[{"name":"wp","href":"https:\/\/api.w.org\/{rel}","templated":true}]}}